{"id":112,"date":"2010-09-29T09:07:05","date_gmt":"2010-09-29T09:07:05","guid":{"rendered":"http:\/\/www.secondhandchild.ch\/wordpress\/?p=112"},"modified":"2010-09-29T09:08:29","modified_gmt":"2010-09-29T09:08:29","slug":"part-2-der-united-metal-forces-konzertreihe-steht-fest","status":"publish","type":"post","link":"https:\/\/www.secondhandchild.ch\/wordpress\/?p=112","title":{"rendered":"Part 2 der &#8220;United Metal Forces&#8221;-Konzertreihe steht fest!"},"content":{"rendered":"<p>In unserem <a href=\"https:\/\/www.secondhandchild.ch\/wordpress\/?page_id=57\"><strong>ShC LIVE!<\/strong><\/a>-Bereich sind nun auch die Details zum 2. Gig im Rahmen der <strong>&#8220;United Metal Forces&#8221;<\/strong>-Tour ersichtlich.<\/p>\n<p>Das Ganze findet am Samstag, dem 22. Januar 2011 in der <a href=\"http:\/\/www.jaegerhalle.ch\" target=0><strong>J\u00e4gerhalle<\/strong><\/a> in Basel statt.<\/p>\n<p>Einen <u>provisorischen<\/u> Flyer gibt es auch schon:<\/p>\n<p><a href=\"https:\/\/www.secondhandchild.ch\/wordpress\/wp-content\/uploads\/2010\/09\/image.jpg\"><img decoding=\"async\" src=\"https:\/\/www.secondhandchild.ch\/wordpress\/wp-content\/uploads\/2010\/09\/image.jpg\" alt=\"UnitedMetalForces@Jaegerhalle\" title=\"UMF @ J\u00e4gerhalle\" class=\"aligncenter size-full wp-image-113\" \/><\/a><\/p>\n<p>Es dauert zwar noch eine kleine Weile, bis es soweit ist, aber wir freuen uns jetzt schon darauf, mal wieder in der Heimat zu rocken&#8230;und zwar <strong>mit Euch<\/strong>! \ud83d\ude42<\/p>\n","protected":false},"excerpt":{"rendered":"<p>In unserem ShC LIVE!-Bereich sind nun auch die Details zum 2. Gig im Rahmen der &#8220;United Metal Forces&#8221;-Tour ersichtlich. Das Ganze findet am Samstag, dem 22. Januar 2011 in der J\u00e4gerhalle in Basel statt. Einen provisorischen Flyer gibt es auch &hellip; <a href=\"https:\/\/www.secondhandchild.ch\/wordpress\/?p=112\">Continue reading <span class=\"meta-nav\">&rarr;<\/span><\/a><\/p>\n","protected":false},"author":1,"featured_media":0,"comment_status":"open","ping_status":"open","sticky":false,"template":"","format":"standard","meta":{"jetpack_post_was_ever_published":false,"_jetpack_newsletter_access":"","_jetpack_dont_email_post_to_subs":false,"_jetpack_newsletter_tier_id":0,"_jetpack_memberships_contains_paywalled_content":false,"_jetpack_memberships_contains_paid_content":false,"footnotes":"","jetpack_publicize_message":"","jetpack_publicize_feature_enabled":true,"jetpack_social_post_already_shared":false,"jetpack_social_options":{"image_generator_settings":{"template":"highway","default_image_id":0,"font":"","enabled":false},"version":2}},"categories":[4],"tags":[],"class_list":["post-112","post","type-post","status-publish","format-standard","hentry","category-new-gigs"],"jetpack_publicize_connections":[],"jetpack_featured_media_url":"","jetpack_sharing_enabled":true,"jetpack_shortlink":"https:\/\/wp.me\/p73Hwi-1O","jetpack-related-posts":[{"id":153,"url":"https:\/\/www.secondhandchild.ch\/wordpress\/?p=153","url_meta":{"origin":112,"position":0},"title":"Grosse Neuerungen im neuen Jahr&#8230;","author":"K","date":"07\/01\/2011","format":false,"excerpt":"Am 22. Januar wird ShC wiedergeboren!!! Abgesehen von der Tatsache dass Marci (aka Marc Steele) sich dazu entschlossen hat, seine komplette musikalische Energie den Bitch Queens zu widmen (mehr dazu in ein paar Wochen), wird der n\u00e4chste ShC-Gig im Rahmen der United Metal Forces-Konzertreihe in der J\u00e4gerhalle Basel auch anderweitig\u2026","rel":"","context":"In &quot;ShC-News&quot;","block_context":{"text":"ShC-News","link":"https:\/\/www.secondhandchild.ch\/wordpress\/?cat=3"},"img":{"alt_text":"","src":"https:\/\/i0.wp.com\/www.secondhandchild.ch\/wordpress\/wp-content\/uploads\/2011\/01\/TillUster_cropped.jpg?resize=350%2C200","width":350,"height":200,"srcset":"https:\/\/i0.wp.com\/www.secondhandchild.ch\/wordpress\/wp-content\/uploads\/2011\/01\/TillUster_cropped.jpg?resize=350%2C200 1x, https:\/\/i0.wp.com\/www.secondhandchild.ch\/wordpress\/wp-content\/uploads\/2011\/01\/TillUster_cropped.jpg?resize=525%2C300 1.5x"},"classes":[]},{"id":642,"url":"https:\/\/www.secondhandchild.ch\/wordpress\/?p=642","url_meta":{"origin":112,"position":1},"title":"ChromeSkull und mehr&#8230;","author":"K","date":"07\/05\/2012","format":false,"excerpt":"Seit dem 26. April kann man nun endlich auch bei uns \"ChromeSkull: Laid To Rest 2\" auf DVD und BD kaufen, und unser Video ist als Extra mit an Bord! F\u00fcr das Label I-ON New Media Grund genug, via Facebook-Seite ein Gewinnspiel zu starten: \"Zur Ver\u00f6ffentlichung von CHROMESKULL: LAID TO\u2026","rel":"","context":"In &quot;ShC-News&quot;","block_context":{"text":"ShC-News","link":"https:\/\/www.secondhandchild.ch\/wordpress\/?cat=3"},"img":{"alt_text":"","src":"https:\/\/i0.wp.com\/www.secondhandchild.ch\/wordpress\/wp-content\/uploads\/2012\/05\/ChromeSkull-Laid-to-Rest-2-cover-215x300.jpg?resize=350%2C200","width":350,"height":200},"classes":[]},{"id":24,"url":"https:\/\/www.secondhandchild.ch\/wordpress\/?p=24","url_meta":{"origin":112,"position":2},"title":"Wiederbelebung!","author":"K","date":"02\/09\/2010","format":false,"excerpt":"Nein, es handelt sich nicht um einen schlechten, versp\u00e4teten April-Scherz...ganz im Gegenteil: ShC sind wieder da und voll im Saft! :) Frei nach dem Motto Keep it simple, MoFo! wurde aus Secondhand Child nun hoch-offiziell ShC (wobei die URL nicht ge\u00e4ndert wird - einfach weil \"shc.ch\" schon vergeben ist), und\u2026","rel":"","context":"In &quot;ShC-News&quot;","block_context":{"text":"ShC-News","link":"https:\/\/www.secondhandchild.ch\/wordpress\/?cat=3"},"img":{"alt_text":"","src":"https:\/\/i0.wp.com\/www.secondhandchild.ch\/wordpress\/wp-content\/uploads\/2010\/09\/Page-Intro-300x225.jpg?resize=350%2C200","width":350,"height":200},"classes":[]},{"id":163,"url":"https:\/\/www.secondhandchild.ch\/wordpress\/?p=163","url_meta":{"origin":112,"position":3},"title":"Nicht verpassen: ShC-Wiedergeburt am 22.01.2011 im heimatlichen Basel!!!","author":"K","date":"14\/01\/2011","format":false,"excerpt":"Wie bereits angek\u00fcndigt, hier nun die Details zum Gig im Rahmen der UNITED METAL FORCES-Konzertreihe: Wann: Samstag, 22.01.2011 Wo: J\u00e4gerhalle (Basel) Doors: 19.00 Uhr Tickets: CHF 20.-- (Abendkasse) Mit dabei sind 23rd Grade Of Evil, Pigskin & Hellvetica Am Ende ist aber noch lange nicht Schluss, denn es gibt eine\u2026","rel":"","context":"In &quot;ShC-News&quot;","block_context":{"text":"ShC-News","link":"https:\/\/www.secondhandchild.ch\/wordpress\/?cat=3"},"img":{"alt_text":"","src":"https:\/\/i0.wp.com\/www.secondhandchild.ch\/wordpress\/wp-content\/uploads\/2011\/01\/ShC-Jaegerhalle.jpg?resize=350%2C200","width":350,"height":200,"srcset":"https:\/\/i0.wp.com\/www.secondhandchild.ch\/wordpress\/wp-content\/uploads\/2011\/01\/ShC-Jaegerhalle.jpg?resize=350%2C200 1x, https:\/\/i0.wp.com\/www.secondhandchild.ch\/wordpress\/wp-content\/uploads\/2011\/01\/ShC-Jaegerhalle.jpg?resize=525%2C300 1.5x"},"classes":[]},{"id":332,"url":"https:\/\/www.secondhandchild.ch\/wordpress\/?p=332","url_meta":{"origin":112,"position":4},"title":"Fragen zu den beiden Gigs diese Woche? Hier sind die Antworten&#8230;","author":"K","date":"23\/05\/2011","format":false,"excerpt":"Und zwar haben wir nun endlich unsere ShC LIVE!-Rubrik mit allen n\u00f6tigen Details zu unseren Gigs am Donnerstag und Samstag erg\u00e4nzt. Dazu geh\u00f6rt noch dieser Flyer: ...und das w\u00e4r's auch schon wieder f\u00fcr den Moment. ;) Wir freuen uns auf zwei rockige Abende mit Euch!!! Cheerz, ShC","rel":"","context":"In &quot;New Gig(s)&quot;","block_context":{"text":"New Gig(s)","link":"https:\/\/www.secondhandchild.ch\/wordpress\/?cat=4"},"img":{"alt_text":"","src":"https:\/\/i0.wp.com\/www.secondhandchild.ch\/wordpress\/wp-content\/uploads\/2011\/05\/svajc2.jpg?resize=350%2C200","width":350,"height":200,"srcset":"https:\/\/i0.wp.com\/www.secondhandchild.ch\/wordpress\/wp-content\/uploads\/2011\/05\/svajc2.jpg?resize=350%2C200 1x, https:\/\/i0.wp.com\/www.secondhandchild.ch\/wordpress\/wp-content\/uploads\/2011\/05\/svajc2.jpg?resize=525%2C300 1.5x"},"classes":[]},{"id":654,"url":"https:\/\/www.secondhandchild.ch\/wordpress\/?p=654","url_meta":{"origin":112,"position":5},"title":"ShC-Gig am n\u00e4chsten Samstag (16.06.12)","author":"K","date":"09\/06\/2012","format":false,"excerpt":"Wie beim letzten Eintrag angek\u00fcndigt, kommen hier nun endlich die versprochenen Details zu unserem Auftritt in Muttenz (BL) am n\u00e4chsten Samstag: Der MANIAC MC BASEL (auf dessen Homepage eine Wegbeschreibung zu finden ist) feiert sein 5-j\u00e4hriges Jubil\u00e4um, und wir sind als Surprise-Guest mit dabei. \"Surprise-Guest\" allerdings nur deswegen, weil die\u2026","rel":"","context":"In &quot;New Gig(s)&quot;","block_context":{"text":"New Gig(s)","link":"https:\/\/www.secondhandchild.ch\/wordpress\/?cat=4"},"img":{"alt_text":"","src":"https:\/\/i0.wp.com\/www.secondhandchild.ch\/wordpress\/wp-content\/uploads\/2012\/06\/vorlage_flyer_mc_seite0013.jpg?resize=350%2C200","width":350,"height":200},"classes":[]}],"_links":{"self":[{"href":"https:\/\/www.secondhandchild.ch\/wordpress\/index.php?rest_route=\/wp\/v2\/posts\/112","targetHints":{"allow":["GET"]}}],"collection":[{"href":"https:\/\/www.secondhandchild.ch\/wordpress\/index.php?rest_route=\/wp\/v2\/posts"}],"about":[{"href":"https:\/\/www.secondhandchild.ch\/wordpress\/index.php?rest_route=\/wp\/v2\/types\/post"}],"author":[{"embeddable":true,"href":"https:\/\/www.secondhandchild.ch\/wordpress\/index.php?rest_route=\/wp\/v2\/users\/1"}],"replies":[{"embeddable":true,"href":"https:\/\/www.secondhandchild.ch\/wordpress\/index.php?rest_route=%2Fwp%2Fv2%2Fcomments&post=112"}],"version-history":[{"count":4,"href":"https:\/\/www.secondhandchild.ch\/wordpress\/index.php?rest_route=\/wp\/v2\/posts\/112\/revisions"}],"predecessor-version":[{"id":117,"href":"https:\/\/www.secondhandchild.ch\/wordpress\/index.php?rest_route=\/wp\/v2\/posts\/112\/revisions\/117"}],"wp:attachment":[{"href":"https:\/\/www.secondhandchild.ch\/wordpress\/index.php?rest_route=%2Fwp%2Fv2%2Fmedia&parent=112"}],"wp:term":[{"taxonomy":"category","embeddable":true,"href":"https:\/\/www.secondhandchild.ch\/wordpress\/index.php?rest_route=%2Fwp%2Fv2%2Fcategories&post=112"},{"taxonomy":"post_tag","embeddable":true,"href":"https:\/\/www.secondhandchild.ch\/wordpress\/index.php?rest_route=%2Fwp%2Fv2%2Ftags&post=112"}],"curies":[{"name":"wp","href":"https:\/\/api.w.org\/{rel}","templated":true}]}}