{"id":163,"date":"2011-01-14T09:46:02","date_gmt":"2011-01-14T09:46:02","guid":{"rendered":"http:\/\/www.secondhandchild.ch\/wordpress\/?p=163"},"modified":"2011-01-14T09:48:46","modified_gmt":"2011-01-14T09:48:46","slug":"nicht-verpassen-shc-wiedergeburt-am-22-01-2011-im-heimatlichen-basel","status":"publish","type":"post","link":"https:\/\/www.secondhandchild.ch\/wordpress\/?p=163","title":{"rendered":"Nicht verpassen: ShC-Wiedergeburt am 22.01.2011 im heimatlichen Basel!!!"},"content":{"rendered":"<p>Wie bereits angek\u00fcndigt, hier nun die Details zum Gig im Rahmen der <strong>UNITED METAL FORCES<\/strong>-Konzertreihe:<\/p>\n<p><strong>Wann:<\/strong> Samstag, 22.01.2011<br \/>\n<strong>Wo:<\/strong> <a href=\"http:\/\/www.jaegerhalle.ch\" target=0>J\u00e4gerhalle<\/a> (Basel)<br \/>\n<strong>Doors:<\/strong> 19.00 Uhr<br \/>\n<strong>Tickets:<\/strong> CHF 20.&#8211; (Abendkasse)<\/p>\n<p>Mit dabei sind <a href=\"http:\/\/www.23evil.net\" target=0><strong>23rd Grade Of Evil<\/strong><\/a>, <a href=\"http:\/\/www.pigskin.ch\" target=0><strong>Pigskin<\/strong><\/a> &#038; <a href=\"http:\/\/www.hellvetica.ch\" target=0><strong>Hellvetica<\/strong><\/a><\/p>\n<p>Am Ende ist aber noch lange nicht Schluss, denn es gibt eine <em>Afterparty<\/em> mit <strong>DJ Fertyl<\/strong><br \/>\n(ja: genau der, welcher uns f\u00fcr unsere EP mit einem Remix beehrt hat)!!!<\/p>\n<p><a href=\"https:\/\/www.secondhandchild.ch\/wordpress\/wp-content\/uploads\/2011\/01\/ShC-Jaegerhalle.jpg\"><img loading=\"lazy\" decoding=\"async\" src=\"https:\/\/www.secondhandchild.ch\/wordpress\/wp-content\/uploads\/2011\/01\/ShC-Jaegerhalle.jpg\" alt=\"\" title=\"ShC-Jaegerhalle\" width=\"594\" height=\"868\" class=\"aligncenter size-full wp-image-164\" srcset=\"https:\/\/www.secondhandchild.ch\/wordpress\/wp-content\/uploads\/2011\/01\/ShC-Jaegerhalle.jpg 594w, https:\/\/www.secondhandchild.ch\/wordpress\/wp-content\/uploads\/2011\/01\/ShC-Jaegerhalle-205x300.jpg 205w\" sizes=\"auto, (max-width: 594px) 100vw, 594px\" \/><\/a><\/p>\n<p>Nach fast 3 Jahren ohne Gig in <em>unserer<\/em> Stadt Basel, freuen wir uns auf ein tollen Abend mit Euch allen!!! \ud83d\ude42<\/p>\n<p>Bis bald,<br \/>\n<strong><em>ShC<\/em><\/strong><\/p>\n","protected":false},"excerpt":{"rendered":"<p>Wie bereits angek\u00fcndigt, hier nun die Details zum Gig im Rahmen der UNITED METAL FORCES-Konzertreihe: Wann: Samstag, 22.01.2011 Wo: J\u00e4gerhalle (Basel) Doors: 19.00 Uhr Tickets: CHF 20.&#8211; (Abendkasse) Mit dabei sind 23rd Grade Of Evil, Pigskin &#038; Hellvetica Am Ende &hellip; <a href=\"https:\/\/www.secondhandchild.ch\/wordpress\/?p=163\">Continue reading <span class=\"meta-nav\">&rarr;<\/span><\/a><\/p>\n","protected":false},"author":1,"featured_media":0,"comment_status":"open","ping_status":"open","sticky":false,"template":"","format":"standard","meta":{"jetpack_post_was_ever_published":false,"_jetpack_newsletter_access":"","_jetpack_dont_email_post_to_subs":false,"_jetpack_newsletter_tier_id":0,"_jetpack_memberships_contains_paywalled_content":false,"_jetpack_memberships_contains_paid_content":false,"footnotes":"","jetpack_publicize_message":"","jetpack_publicize_feature_enabled":true,"jetpack_social_post_already_shared":false,"jetpack_social_options":{"image_generator_settings":{"template":"highway","default_image_id":0,"font":"","enabled":false},"version":2}},"categories":[3],"tags":[],"class_list":["post-163","post","type-post","status-publish","format-standard","hentry","category-shc-news"],"jetpack_publicize_connections":[],"jetpack_featured_media_url":"","jetpack_sharing_enabled":true,"jetpack_shortlink":"https:\/\/wp.me\/p73Hwi-2D","jetpack-related-posts":[{"id":153,"url":"https:\/\/www.secondhandchild.ch\/wordpress\/?p=153","url_meta":{"origin":163,"position":0},"title":"Grosse Neuerungen im neuen Jahr&#8230;","author":"K","date":"07\/01\/2011","format":false,"excerpt":"Am 22. Januar wird ShC wiedergeboren!!! Abgesehen von der Tatsache dass Marci (aka Marc Steele) sich dazu entschlossen hat, seine komplette musikalische Energie den Bitch Queens zu widmen (mehr dazu in ein paar Wochen), wird der n\u00e4chste ShC-Gig im Rahmen der United Metal Forces-Konzertreihe in der J\u00e4gerhalle Basel auch anderweitig\u2026","rel":"","context":"In &quot;ShC-News&quot;","block_context":{"text":"ShC-News","link":"https:\/\/www.secondhandchild.ch\/wordpress\/?cat=3"},"img":{"alt_text":"","src":"https:\/\/i0.wp.com\/www.secondhandchild.ch\/wordpress\/wp-content\/uploads\/2011\/01\/TillUster_cropped.jpg?resize=350%2C200","width":350,"height":200,"srcset":"https:\/\/i0.wp.com\/www.secondhandchild.ch\/wordpress\/wp-content\/uploads\/2011\/01\/TillUster_cropped.jpg?resize=350%2C200 1x, https:\/\/i0.wp.com\/www.secondhandchild.ch\/wordpress\/wp-content\/uploads\/2011\/01\/TillUster_cropped.jpg?resize=525%2C300 1.5x"},"classes":[]},{"id":672,"url":"https:\/\/www.secondhandchild.ch\/wordpress\/?p=672","url_meta":{"origin":163,"position":1},"title":"Wieder komplett &#8211; mit neuem Clip!","author":"K","date":"24\/07\/2012","format":false,"excerpt":"Nach unserem Gig zum 5-j\u00e4hrigen Jubil\u00e4um des MANIAC MC BASEL ist es wieder ein wenig ruhiger um uns geworden. Daf\u00fcr melden wir uns nun mit einem wahren Paukenschlag zur\u00fcck! Abgesehen davon, dass die Drummer-Suche vorbei ist (mehr dazu aber erst zu einem sp\u00e4teren Zeitpunkt), hat unser guter Freund, der \u00fcberaus\u2026","rel":"","context":"In &quot;ShC-News&quot;","block_context":{"text":"ShC-News","link":"https:\/\/www.secondhandchild.ch\/wordpress\/?cat=3"},"img":{"alt_text":"","src":"","width":0,"height":0},"classes":[]},{"id":564,"url":"https:\/\/www.secondhandchild.ch\/wordpress\/?p=564","url_meta":{"origin":163,"position":2},"title":"Der grosse ShC-Jahresr\u00fcckblick","author":"K","date":"16\/12\/2011","format":false,"excerpt":"Weihnachten steht bevor und das Jahr neigt sich seinem Ende entgegen. Dies - und die Tatsache, dass wir seit der Plattentaufe nichts mehr von uns h\u00f6ren liessen - ist Grund genug, das Jahr 2011 nochmals Revue passieren zu lassen. Was ist alles passiert? - Wir haben Stevie Boy als neuen,\u2026","rel":"","context":"In &quot;ShC-News&quot;","block_context":{"text":"ShC-News","link":"https:\/\/www.secondhandchild.ch\/wordpress\/?cat=3"},"img":{"alt_text":"","src":"https:\/\/i0.wp.com\/www.secondhandchild.ch\/wordpress\/wp-content\/uploads\/2011\/12\/Taufe1-983x1024.jpg?resize=350%2C200","width":350,"height":200,"srcset":"https:\/\/i0.wp.com\/www.secondhandchild.ch\/wordpress\/wp-content\/uploads\/2011\/12\/Taufe1-983x1024.jpg?resize=350%2C200 1x, https:\/\/i0.wp.com\/www.secondhandchild.ch\/wordpress\/wp-content\/uploads\/2011\/12\/Taufe1-983x1024.jpg?resize=525%2C300 1.5x"},"classes":[]},{"id":311,"url":"https:\/\/www.secondhandchild.ch\/wordpress\/?p=311","url_meta":{"origin":163,"position":3},"title":"Online-Voting f\u00fcr das Jugendkulturfestival Basel 2011 startet heute!","author":"K","date":"02\/05\/2011","format":false,"excerpt":"Wer kennt und liebt es nicht? Das Jugendkulturfestival Basel (kurz: JKF). Nachdem wir bei der Ausf\u00fchrung 2009 am JKF-Kickoff-Event in der Biomill Laufen gespielt haben, wollen wir dieses Jahr am Festival selbst auftreten. Dabei k\u00f6nnt ihr uns helfen, denn wie schon bei den letzten beiden JKFs, werden wieder 10 Bands\u2026","rel":"","context":"In &quot;Miscellaneous&quot;","block_context":{"text":"Miscellaneous","link":"https:\/\/www.secondhandchild.ch\/wordpress\/?cat=5"},"img":{"alt_text":"","src":"","width":0,"height":0},"classes":[]},{"id":654,"url":"https:\/\/www.secondhandchild.ch\/wordpress\/?p=654","url_meta":{"origin":163,"position":4},"title":"ShC-Gig am n\u00e4chsten Samstag (16.06.12)","author":"K","date":"09\/06\/2012","format":false,"excerpt":"Wie beim letzten Eintrag angek\u00fcndigt, kommen hier nun endlich die versprochenen Details zu unserem Auftritt in Muttenz (BL) am n\u00e4chsten Samstag: Der MANIAC MC BASEL (auf dessen Homepage eine Wegbeschreibung zu finden ist) feiert sein 5-j\u00e4hriges Jubil\u00e4um, und wir sind als Surprise-Guest mit dabei. \"Surprise-Guest\" allerdings nur deswegen, weil die\u2026","rel":"","context":"In &quot;New Gig(s)&quot;","block_context":{"text":"New Gig(s)","link":"https:\/\/www.secondhandchild.ch\/wordpress\/?cat=4"},"img":{"alt_text":"","src":"https:\/\/i0.wp.com\/www.secondhandchild.ch\/wordpress\/wp-content\/uploads\/2012\/06\/vorlage_flyer_mc_seite0013.jpg?resize=350%2C200","width":350,"height":200},"classes":[]},{"id":112,"url":"https:\/\/www.secondhandchild.ch\/wordpress\/?p=112","url_meta":{"origin":163,"position":5},"title":"Part 2 der &#8220;United Metal Forces&#8221;-Konzertreihe steht fest!","author":"K","date":"29\/09\/2010","format":false,"excerpt":"In unserem ShC LIVE!-Bereich sind nun auch die Details zum 2. Gig im Rahmen der \"United Metal Forces\"-Tour ersichtlich. Das Ganze findet am Samstag, dem 22. Januar 2011 in der J\u00e4gerhalle in Basel statt. Einen provisorischen Flyer gibt es auch schon: Es dauert zwar noch eine kleine Weile, bis es\u2026","rel":"","context":"In &quot;New Gig(s)&quot;","block_context":{"text":"New Gig(s)","link":"https:\/\/www.secondhandchild.ch\/wordpress\/?cat=4"},"img":{"alt_text":"","src":"","width":0,"height":0},"classes":[]}],"_links":{"self":[{"href":"https:\/\/www.secondhandchild.ch\/wordpress\/index.php?rest_route=\/wp\/v2\/posts\/163","targetHints":{"allow":["GET"]}}],"collection":[{"href":"https:\/\/www.secondhandchild.ch\/wordpress\/index.php?rest_route=\/wp\/v2\/posts"}],"about":[{"href":"https:\/\/www.secondhandchild.ch\/wordpress\/index.php?rest_route=\/wp\/v2\/types\/post"}],"author":[{"embeddable":true,"href":"https:\/\/www.secondhandchild.ch\/wordpress\/index.php?rest_route=\/wp\/v2\/users\/1"}],"replies":[{"embeddable":true,"href":"https:\/\/www.secondhandchild.ch\/wordpress\/index.php?rest_route=%2Fwp%2Fv2%2Fcomments&post=163"}],"version-history":[{"count":6,"href":"https:\/\/www.secondhandchild.ch\/wordpress\/index.php?rest_route=\/wp\/v2\/posts\/163\/revisions"}],"predecessor-version":[{"id":170,"href":"https:\/\/www.secondhandchild.ch\/wordpress\/index.php?rest_route=\/wp\/v2\/posts\/163\/revisions\/170"}],"wp:attachment":[{"href":"https:\/\/www.secondhandchild.ch\/wordpress\/index.php?rest_route=%2Fwp%2Fv2%2Fmedia&parent=163"}],"wp:term":[{"taxonomy":"category","embeddable":true,"href":"https:\/\/www.secondhandchild.ch\/wordpress\/index.php?rest_route=%2Fwp%2Fv2%2Fcategories&post=163"},{"taxonomy":"post_tag","embeddable":true,"href":"https:\/\/www.secondhandchild.ch\/wordpress\/index.php?rest_route=%2Fwp%2Fv2%2Ftags&post=163"}],"curies":[{"name":"wp","href":"https:\/\/api.w.org\/{rel}","templated":true}]}}