{"id":679,"date":"2012-07-31T21:02:29","date_gmt":"2012-07-31T21:02:29","guid":{"rendered":"http:\/\/www.secondhandchild.ch\/wordpress\/?p=679"},"modified":"2024-05-02T17:10:53","modified_gmt":"2024-05-02T17:10:53","slug":"global-suicide-2011-musikvideo-ab-sofort-online","status":"publish","type":"post","link":"https:\/\/www.secondhandchild.ch\/wordpress\/?p=679","title":{"rendered":"&#8220;Global Suicide 2011&#8221; Musikvideo ab sofort online!"},"content":{"rendered":"<p>Morgen feiert die <strong>Schweiz<\/strong> ihren <strong>Nationalfeiertag<\/strong>, und wir machen <em>passenderweise<\/em> ein paar Wochen Ferien&#8230;<br \/>\nUm diese Zeit zu \u00fcberbr\u00fccken, ver\u00f6ffentlichen wir heute aber erst noch unser neuestes Musikvideo:<\/p>\n<p><strong>GLOBAL SUICIDE 2011<\/strong><\/p>\n<p>Dieses Mal haben wir &#8211; bzw. unser Shouter <strong>&#8220;K&#8221;<\/strong> im Alleingang &#8211; uns wieder selbst um die Realisierung gek\u00fcmmert, wobei <strong>Guillaume Montagnana<\/strong> geholfen hat, gen\u00fcgend <em>Hintergrundmaterial<\/em> zu finden (<strong>Thanx, dude&#8230;again!<\/strong>).<\/p>\n<p>Wir w\u00fcnschen euch viel Spass mit diesem perfekt zum Song passenden Video, und sind auf eure Meinungen dazu gespannt! \ud83d\ude42<\/p>\n<p>Ansonsten brennen wir darauf, mit unserem neuen Mann am Schlagzeug auf der B\u00fchne zu stehen, und w\u00fcnschen euch bis dahin noch einen sonnigen und entspannten Sommer!<\/p>\n<p>Cheerz,<br \/>\n<strong>ShC<\/strong><\/p>\n<p><span class=\"embed-youtube\" style=\"text-align:center; display: block;\"><iframe loading=\"lazy\" class=\"youtube-player\" width=\"640\" height=\"360\" src=\"https:\/\/www.youtube.com\/embed\/PeCgALNA01I?version=3&#038;rel=1&#038;showsearch=0&#038;showinfo=1&#038;iv_load_policy=1&#038;fs=1&#038;hl=en-US&#038;autohide=2&#038;wmode=transparent\" allowfullscreen=\"true\" style=\"border:0;\" sandbox=\"allow-scripts allow-same-origin allow-popups allow-presentation allow-popups-to-escape-sandbox\"><\/iframe><\/span><\/p>\n","protected":false},"excerpt":{"rendered":"<p>Morgen feiert die Schweiz ihren Nationalfeiertag, und wir machen passenderweise ein paar Wochen Ferien&#8230; Um diese Zeit zu \u00fcberbr\u00fccken, ver\u00f6ffentlichen wir heute aber erst noch unser neuestes Musikvideo: GLOBAL SUICIDE 2011 Dieses Mal haben wir &#8211; bzw. unser Shouter &#8220;K&#8221; &hellip; <a href=\"https:\/\/www.secondhandchild.ch\/wordpress\/?p=679\">Continue reading <span class=\"meta-nav\">&rarr;<\/span><\/a><\/p>\n","protected":false},"author":1,"featured_media":0,"comment_status":"open","ping_status":"open","sticky":false,"template":"","format":"standard","meta":{"jetpack_post_was_ever_published":false,"_jetpack_newsletter_access":"","_jetpack_dont_email_post_to_subs":false,"_jetpack_newsletter_tier_id":0,"_jetpack_memberships_contains_paywalled_content":false,"_jetpack_memberships_contains_paid_content":false,"footnotes":"","jetpack_publicize_message":"","jetpack_publicize_feature_enabled":true,"jetpack_social_post_already_shared":false,"jetpack_social_options":{"image_generator_settings":{"template":"highway","default_image_id":0,"font":"","enabled":false},"version":2}},"categories":[3],"tags":[],"class_list":["post-679","post","type-post","status-publish","format-standard","hentry","category-shc-news"],"jetpack_publicize_connections":[],"jetpack_featured_media_url":"","jetpack_sharing_enabled":true,"jetpack_shortlink":"https:\/\/wp.me\/p73Hwi-aX","jetpack-related-posts":[{"id":564,"url":"https:\/\/www.secondhandchild.ch\/wordpress\/?p=564","url_meta":{"origin":679,"position":0},"title":"Der grosse ShC-Jahresr\u00fcckblick","author":"K","date":"16\/12\/2011","format":false,"excerpt":"Weihnachten steht bevor und das Jahr neigt sich seinem Ende entgegen. Dies - und die Tatsache, dass wir seit der Plattentaufe nichts mehr von uns h\u00f6ren liessen - ist Grund genug, das Jahr 2011 nochmals Revue passieren zu lassen. Was ist alles passiert? - Wir haben Stevie Boy als neuen,\u2026","rel":"","context":"In &quot;ShC-News&quot;","block_context":{"text":"ShC-News","link":"https:\/\/www.secondhandchild.ch\/wordpress\/?cat=3"},"img":{"alt_text":"","src":"https:\/\/i0.wp.com\/www.secondhandchild.ch\/wordpress\/wp-content\/uploads\/2011\/12\/Taufe1-983x1024.jpg?resize=350%2C200","width":350,"height":200,"srcset":"https:\/\/i0.wp.com\/www.secondhandchild.ch\/wordpress\/wp-content\/uploads\/2011\/12\/Taufe1-983x1024.jpg?resize=350%2C200 1x, https:\/\/i0.wp.com\/www.secondhandchild.ch\/wordpress\/wp-content\/uploads\/2011\/12\/Taufe1-983x1024.jpg?resize=525%2C300 1.5x"},"classes":[]},{"id":642,"url":"https:\/\/www.secondhandchild.ch\/wordpress\/?p=642","url_meta":{"origin":679,"position":1},"title":"ChromeSkull und mehr&#8230;","author":"K","date":"07\/05\/2012","format":false,"excerpt":"Seit dem 26. April kann man nun endlich auch bei uns \"ChromeSkull: Laid To Rest 2\" auf DVD und BD kaufen, und unser Video ist als Extra mit an Bord! F\u00fcr das Label I-ON New Media Grund genug, via Facebook-Seite ein Gewinnspiel zu starten: \"Zur Ver\u00f6ffentlichung von CHROMESKULL: LAID TO\u2026","rel":"","context":"In &quot;ShC-News&quot;","block_context":{"text":"ShC-News","link":"https:\/\/www.secondhandchild.ch\/wordpress\/?cat=3"},"img":{"alt_text":"","src":"https:\/\/i0.wp.com\/www.secondhandchild.ch\/wordpress\/wp-content\/uploads\/2012\/05\/ChromeSkull-Laid-to-Rest-2-cover-215x300.jpg?resize=350%2C200","width":350,"height":200},"classes":[]},{"id":512,"url":"https:\/\/www.secondhandchild.ch\/wordpress\/?p=512","url_meta":{"origin":679,"position":2},"title":"Es gibt Neuigkeiten!","author":"K","date":"30\/10\/2011","format":false,"excerpt":"Nur einen Tag vor dem Release von \"Chapter One: Spontaneous Human Combustion\" haben wir nun unsere Download-EP vorerst vom Netz genommen, um euch alle Texte vom kommenden Album zu pr\u00e4sentieren. Klickt einfach auf \"Chapter One\" - Lyrics (siehe auch oben zwischen \"Biographie\" und \"ShC LIVE!\") und schon k\u00f6nnt ihr mitlesen\/-singen\/-schreien.\u2026","rel":"","context":"In &quot;ShC-News&quot;","block_context":{"text":"ShC-News","link":"https:\/\/www.secondhandchild.ch\/wordpress\/?cat=3"},"img":{"alt_text":"","src":"https:\/\/i0.wp.com\/www.secondhandchild.ch\/wordpress\/wp-content\/uploads\/2011\/10\/Taufe-2011.jpg?resize=350%2C200","width":350,"height":200,"srcset":"https:\/\/i0.wp.com\/www.secondhandchild.ch\/wordpress\/wp-content\/uploads\/2011\/10\/Taufe-2011.jpg?resize=350%2C200 1x, https:\/\/i0.wp.com\/www.secondhandchild.ch\/wordpress\/wp-content\/uploads\/2011\/10\/Taufe-2011.jpg?resize=525%2C300 1.5x, https:\/\/i0.wp.com\/www.secondhandchild.ch\/wordpress\/wp-content\/uploads\/2011\/10\/Taufe-2011.jpg?resize=700%2C400 2x"},"classes":[]},{"id":332,"url":"https:\/\/www.secondhandchild.ch\/wordpress\/?p=332","url_meta":{"origin":679,"position":3},"title":"Fragen zu den beiden Gigs diese Woche? Hier sind die Antworten&#8230;","author":"K","date":"23\/05\/2011","format":false,"excerpt":"Und zwar haben wir nun endlich unsere ShC LIVE!-Rubrik mit allen n\u00f6tigen Details zu unseren Gigs am Donnerstag und Samstag erg\u00e4nzt. Dazu geh\u00f6rt noch dieser Flyer: ...und das w\u00e4r's auch schon wieder f\u00fcr den Moment. ;) Wir freuen uns auf zwei rockige Abende mit Euch!!! Cheerz, ShC","rel":"","context":"In &quot;New Gig(s)&quot;","block_context":{"text":"New Gig(s)","link":"https:\/\/www.secondhandchild.ch\/wordpress\/?cat=4"},"img":{"alt_text":"","src":"https:\/\/i0.wp.com\/www.secondhandchild.ch\/wordpress\/wp-content\/uploads\/2011\/05\/svajc2.jpg?resize=350%2C200","width":350,"height":200,"srcset":"https:\/\/i0.wp.com\/www.secondhandchild.ch\/wordpress\/wp-content\/uploads\/2011\/05\/svajc2.jpg?resize=350%2C200 1x, https:\/\/i0.wp.com\/www.secondhandchild.ch\/wordpress\/wp-content\/uploads\/2011\/05\/svajc2.jpg?resize=525%2C300 1.5x"},"classes":[]},{"id":388,"url":"https:\/\/www.secondhandchild.ch\/wordpress\/?p=388","url_meta":{"origin":679,"position":4},"title":"Ein neues Logo &#038; eine neue Suche nach einem neuen Mitglied&#8230;","author":"K","date":"29\/08\/2011","format":false,"excerpt":"Einige von Euch - vor allem unsere Facebook-Fans - kennen es bereits, weswegen diese Info an dieser Stelle eigentlich zu sp\u00e4t erscheint. Deswegen wollen wir es euch allen aber dennoch nicht vorenthalten! Und hier ist es nun endlich: Unser neues Bandlogo! :-) Wann immer ihr dieses Logo auf einem Flyer\u2026","rel":"","context":"Similar post","block_context":{"text":"Similar post","link":""},"img":{"alt_text":"","src":"https:\/\/i0.wp.com\/www.secondhandchild.ch\/wordpress\/wp-content\/uploads\/2011\/08\/ShC-new-Logo.jpg?resize=350%2C200","width":350,"height":200,"srcset":"https:\/\/i0.wp.com\/www.secondhandchild.ch\/wordpress\/wp-content\/uploads\/2011\/08\/ShC-new-Logo.jpg?resize=350%2C200 1x, https:\/\/i0.wp.com\/www.secondhandchild.ch\/wordpress\/wp-content\/uploads\/2011\/08\/ShC-new-Logo.jpg?resize=525%2C300 1.5x, https:\/\/i0.wp.com\/www.secondhandchild.ch\/wordpress\/wp-content\/uploads\/2011\/08\/ShC-new-Logo.jpg?resize=700%2C400 2x"},"classes":[]},{"id":685,"url":"https:\/\/www.secondhandchild.ch\/wordpress\/?p=685","url_meta":{"origin":679,"position":5},"title":"Bad News: nach &#8220;Chapter One&#8221; folgt &#8220;Chapter 11&#8221;","author":"K","date":"15\/09\/2012","format":false,"excerpt":"So schwer es uns auch f\u00e4llt, es ist Zeit unseren vor 2 Wochen getroffenen Entscheid nun offiziell bekannt zu geben: Seit letztem Sonntag, dem 09.09.2012, gibt es ShC nicht mehr! :( Die genauen Gr\u00fcnde werden wir nicht in der \u00d6ffentlichkeit breittreten. Das Wichtigste ist, dass wir die Band freundschaftlich zu\u2026","rel":"","context":"In &quot;ShC-News&quot;","block_context":{"text":"ShC-News","link":"https:\/\/www.secondhandchild.ch\/wordpress\/?cat=3"},"img":{"alt_text":"","src":"","width":0,"height":0},"classes":[]}],"_links":{"self":[{"href":"https:\/\/www.secondhandchild.ch\/wordpress\/index.php?rest_route=\/wp\/v2\/posts\/679","targetHints":{"allow":["GET"]}}],"collection":[{"href":"https:\/\/www.secondhandchild.ch\/wordpress\/index.php?rest_route=\/wp\/v2\/posts"}],"about":[{"href":"https:\/\/www.secondhandchild.ch\/wordpress\/index.php?rest_route=\/wp\/v2\/types\/post"}],"author":[{"embeddable":true,"href":"https:\/\/www.secondhandchild.ch\/wordpress\/index.php?rest_route=\/wp\/v2\/users\/1"}],"replies":[{"embeddable":true,"href":"https:\/\/www.secondhandchild.ch\/wordpress\/index.php?rest_route=%2Fwp%2Fv2%2Fcomments&post=679"}],"version-history":[{"count":4,"href":"https:\/\/www.secondhandchild.ch\/wordpress\/index.php?rest_route=\/wp\/v2\/posts\/679\/revisions"}],"predecessor-version":[{"id":892,"href":"https:\/\/www.secondhandchild.ch\/wordpress\/index.php?rest_route=\/wp\/v2\/posts\/679\/revisions\/892"}],"wp:attachment":[{"href":"https:\/\/www.secondhandchild.ch\/wordpress\/index.php?rest_route=%2Fwp%2Fv2%2Fmedia&parent=679"}],"wp:term":[{"taxonomy":"category","embeddable":true,"href":"https:\/\/www.secondhandchild.ch\/wordpress\/index.php?rest_route=%2Fwp%2Fv2%2Fcategories&post=679"},{"taxonomy":"post_tag","embeddable":true,"href":"https:\/\/www.secondhandchild.ch\/wordpress\/index.php?rest_route=%2Fwp%2Fv2%2Ftags&post=679"}],"curies":[{"name":"wp","href":"https:\/\/api.w.org\/{rel}","templated":true}]}}